{"id":2042,"date":"2024-10-06T12:59:58","date_gmt":"2024-10-06T12:59:58","guid":{"rendered":"https:\/\/lamaisondefrancois.fr\/?p=2042"},"modified":"2025-11-10T13:08:54","modified_gmt":"2025-11-10T13:08:54","slug":"vallee-des-usines-thiers","status":"publish","type":"post","link":"https:\/\/lamaisondefrancois.fr\/en\/vallee-des-usines-thiers\/","title":{"rendered":"La Vall\u00e9e des Usines \u00e0 Thiers"},"content":{"rendered":"<style>.wp-block-kadence-advancedheading.kt-adv-heading2042_089f35-c3, .wp-block-kadence-advancedheading.kt-adv-heading2042_089f35-c3[data-kb-block=\"kb-adv-heading2042_089f35-c3\"]{font-style:normal;}.wp-block-kadence-advancedheading.kt-adv-heading2042_089f35-c3 mark.kt-highlight, .wp-block-kadence-advancedheading.kt-adv-heading2042_089f35-c3[data-kb-block=\"kb-adv-heading2042_089f35-c3\"] mark.kt-highlight{font-style:normal;color:#f76a0c;-webkit-box-decoration-break:clone;box-decoration-break:clone;padding-top:0px;padding-right:0px;padding-bottom:0px;padding-left:0px;}.wp-block-kadence-advancedheading.kt-adv-heading2042_089f35-c3 img.kb-inline-image, .wp-block-kadence-advancedheading.kt-adv-heading2042_089f35-c3[data-kb-block=\"kb-adv-heading2042_089f35-c3\"] img.kb-inline-image{width:150px;vertical-align:baseline;}<\/style>\n<h2 class=\"kt-adv-heading2042_089f35-c3 wp-block-kadence-advancedheading\" data-kb-block=\"kb-adv-heading2042_089f35-c3\">Visiter la Vall\u00e9e des Usines \u00e0 Thiers : entre histoire et nature<\/h2>\n\n\n\n<p>La <strong>Vall\u00e9e des Usines<\/strong>, situ\u00e9e \u00e0 Thiers, est un site historique qui t\u00e9moigne du riche pass\u00e9 industriel de la ville. Thiers, souvent appel\u00e9e la capitale mondiale de la coutellerie, a forg\u00e9 sa r\u00e9putation \u00e0 travers les si\u00e8cles gr\u00e2ce \u00e0 ses ateliers de coutellerie situ\u00e9s le long de la rivi\u00e8re Durolle. Aujourd&rsquo;hui, la Vall\u00e9e des Usines est un site incontournable pour les passionn\u00e9s d\u2019histoire industrielle et de patrimoine artisanal. Cette vall\u00e9e offre \u00e9galement un cadre naturel splendide, parfait pour une escapade entre nature et d\u00e9couverte culturelle.<\/p>\n\n\n\n<p><\/p>\n\n\n<style>.kb-image2042_ea75dc-df .kb-image-has-overlay:after{opacity:0.3;border-top-left-radius:20px;border-top-right-radius:20px;border-bottom-right-radius:20px;border-bottom-left-radius:20px;}.kb-image2042_ea75dc-df img.kb-img, .kb-image2042_ea75dc-df .kb-img img{border-top-left-radius:20px;border-top-right-radius:20px;border-bottom-right-radius:20px;border-bottom-left-radius:20px;}<\/style>\n<div class=\"wp-block-kadence-image kb-image2042_ea75dc-df\"><figure class=\"aligncenter size-large\"><img loading=\"lazy\" decoding=\"async\" width=\"1024\" height=\"559\" src=\"https:\/\/lamaisondefrancois.fr\/wp-content\/uploads\/2024\/10\/vallee-usines-1024x559.jpg\" alt=\"Vall\u00e9e des Usines \u00e0 5 minutes du Moulin de Thiers\" class=\"kb-img wp-image-2123\" srcset=\"https:\/\/lamaisondefrancois.fr\/wp-content\/uploads\/2024\/10\/vallee-usines-1024x559.jpg 1024w, https:\/\/lamaisondefrancois.fr\/wp-content\/uploads\/2024\/10\/vallee-usines-300x164.jpg 300w, https:\/\/lamaisondefrancois.fr\/wp-content\/uploads\/2024\/10\/vallee-usines-768x419.jpg 768w, https:\/\/lamaisondefrancois.fr\/wp-content\/uploads\/2024\/10\/vallee-usines-18x10.jpg 18w, https:\/\/lamaisondefrancois.fr\/wp-content\/uploads\/2024\/10\/vallee-usines.jpg 1040w\" sizes=\"auto, (max-width: 1024px) 100vw, 1024px\" \/><figcaption><em>Vall\u00e9e des Usines \u00e0 5 minutes du Moulin de Thiers<\/em><\/figcaption><\/figure><\/div>\n\n\n\n<h3 class=\"wp-block-heading\"><strong>1. Histoire de la coutellerie thiernoise : un savoir-faire ancestral<\/strong><\/h3>\n\n\n\n<p>Depuis le Moyen \u00c2ge, Thiers est le centre n\u00e9vralgique de la fabrication des couteaux en France. Cette industrie s\u2019est d\u00e9velopp\u00e9e gr\u00e2ce \u00e0 la rivi\u00e8re Durolle, qui alimentait les moulins et les forges des ateliers de coutellerie install\u00e9s dans la vall\u00e9e. Les artisans de Thiers ont acquis une renomm\u00e9e mondiale gr\u00e2ce \u00e0 la qualit\u00e9 de leurs couteaux et \u00e0 leur savoir-faire unique.<\/p>\n\n\n\n<p>La <strong>Vall\u00e9e des Usines<\/strong> a \u00e9t\u00e9 le berceau de cette industrie pendant des si\u00e8cles. Les nombreuses usines qui bordaient la rivi\u00e8re utilisaient la force hydraulique pour actionner les meules et les marteaux, ce qui permettait de fabriquer des lames de grande qualit\u00e9. Aujourd&rsquo;hui, plusieurs de ces usines ont \u00e9t\u00e9 transform\u00e9es en mus\u00e9es et en espaces culturels, retra\u00e7ant l\u2019histoire de la coutellerie thiernoise.<\/p>\n\n\n\n<p>L&rsquo;un des lieux les plus embl\u00e9matiques \u00e0 visiter est le <strong>Mus\u00e9e de la Coutellerie<\/strong>. Ce mus\u00e9e interactif vous plonge dans l\u2019univers de la fabrication des couteaux, avec des d\u00e9monstrations en direct d\u2019artisans travaillant le m\u00e9tal et le bois. Vous y d\u00e9couvrirez \u00e9galement l\u2019\u00e9volution des techniques de production et l\u2019importance de la coutellerie dans l\u2019\u00e9conomie locale.<\/p>\n\n\n\n<p><\/p>\n\n\n<style>.kb-image2042_a41a6c-c6 .kb-image-has-overlay:after{opacity:0.3;border-top-left-radius:20px;border-top-right-radius:20px;border-bottom-right-radius:20px;border-bottom-left-radius:20px;}.kb-image2042_a41a6c-c6 img.kb-img, .kb-image2042_a41a6c-c6 .kb-img img{border-top-left-radius:20px;border-top-right-radius:20px;border-bottom-right-radius:20px;border-bottom-left-radius:20px;}<\/style>\n<div class=\"wp-block-kadence-image kb-image2042_a41a6c-c6\"><figure class=\"aligncenter size-full\"><img loading=\"lazy\" decoding=\"async\" width=\"765\" height=\"1020\" src=\"https:\/\/lamaisondefrancois.fr\/wp-content\/uploads\/2024\/10\/musee-coutellerie.webp\" alt=\"Mus\u00e9e de la Coutellerie \u00e0 proximit\u00e9 du Moulin de Thiers\" class=\"kb-img wp-image-2124\" srcset=\"https:\/\/lamaisondefrancois.fr\/wp-content\/uploads\/2024\/10\/musee-coutellerie.webp 765w, https:\/\/lamaisondefrancois.fr\/wp-content\/uploads\/2024\/10\/musee-coutellerie-225x300.webp 225w, https:\/\/lamaisondefrancois.fr\/wp-content\/uploads\/2024\/10\/musee-coutellerie-9x12.webp 9w\" sizes=\"auto, (max-width: 765px) 100vw, 765px\" \/><figcaption><em>Mus\u00e9e de la Coutellerie \u00e0 proximit\u00e9 du Moulin de Thiers<\/em><\/figcaption><\/figure><\/div>\n\n\n\n<h3 class=\"wp-block-heading\"><strong>2. Une vall\u00e9e fa\u00e7onn\u00e9e par l\u2019industrie et la nature<\/strong><\/h3>\n\n\n\n<p>La <strong>Vall\u00e9e des Usines<\/strong> \u00e0 Thiers est une v\u00e9ritable illustration de la rencontre entre l&rsquo;homme et la nature. Depuis le Moyen \u00c2ge, cette vall\u00e9e a \u00e9t\u00e9 un centre de production gr\u00e2ce \u00e0 l&rsquo;\u00e9nergie fournie par la rivi\u00e8re Durolle. Les ateliers de coutellerie et les forges se sont install\u00e9s ici pour profiter de la puissance de la rivi\u00e8re, indispensable pour alimenter les meules et les marteaux utilis\u00e9s dans la fabrication des couteaux.<\/p>\n\n\n\n<p>Aujourd&rsquo;hui, la vall\u00e9e conserve de nombreuses traces de ce pass\u00e9 industriel. Les anciennes usines et les moulins \u00e0 eau, pour la plupart d\u00e9saffect\u00e9s, se m\u00ealent \u00e0 une v\u00e9g\u00e9tation dense et sauvage qui a repris ses droits. Le contraste entre ces vestiges industriels et la nature environnante conf\u00e8re \u00e0 la vall\u00e9e une atmosph\u00e8re unique.<\/p>\n\n\n\n<p>Les <strong>sentiers de randonn\u00e9e<\/strong> qui longent la rivi\u00e8re offrent aux visiteurs une plong\u00e9e dans ce pass\u00e9 glorieux, tout en permettant de profiter de la beaut\u00e9 naturelle de la r\u00e9gion. Des panneaux d\u2019information le long des sentiers expliquent le fonctionnement des moulins et l\u2019importance de la coutellerie pour l\u2019\u00e9conomie locale.<\/p>\n\n\n\n<p><\/p>\n\n\n<style>.kb-image2042_5fd039-e9 .kb-image-has-overlay:after{opacity:0.3;border-top-left-radius:20px;border-top-right-radius:20px;border-bottom-right-radius:20px;border-bottom-left-radius:20px;}.kb-image2042_5fd039-e9 img.kb-img, .kb-image2042_5fd039-e9 .kb-img img{border-top-left-radius:20px;border-top-right-radius:20px;border-bottom-right-radius:20px;border-bottom-left-radius:20px;}<\/style>\n<div class=\"wp-block-kadence-image kb-image2042_5fd039-e9\"><figure class=\"aligncenter size-large\"><img loading=\"lazy\" decoding=\"async\" width=\"1024\" height=\"576\" src=\"https:\/\/lamaisondefrancois.fr\/wp-content\/uploads\/2024\/10\/vallee-rouets-thiers-1024x576.webp\" alt=\"Vall\u00e9e des Rouets, sentier de randonn\u00e9e accessible depuis le Moulin de Thiers\" class=\"kb-img wp-image-2127\" srcset=\"https:\/\/lamaisondefrancois.fr\/wp-content\/uploads\/2024\/10\/vallee-rouets-thiers-1024x576.webp 1024w, https:\/\/lamaisondefrancois.fr\/wp-content\/uploads\/2024\/10\/vallee-rouets-thiers-300x169.webp 300w, https:\/\/lamaisondefrancois.fr\/wp-content\/uploads\/2024\/10\/vallee-rouets-thiers-768x432.webp 768w, https:\/\/lamaisondefrancois.fr\/wp-content\/uploads\/2024\/10\/vallee-rouets-thiers-18x10.webp 18w, https:\/\/lamaisondefrancois.fr\/wp-content\/uploads\/2024\/10\/vallee-rouets-thiers.webp 1050w\" sizes=\"auto, (max-width: 1024px) 100vw, 1024px\" \/><figcaption><em>Vall\u00e9e des Rouets, sentier de randonn\u00e9e <\/em><\/figcaption><\/figure><\/div>\n\n\n\n<h3 class=\"wp-block-heading\"><strong>3. D\u00e9couvrir la Vall\u00e9e des Usines : que voir et que faire ?<\/strong><\/h3>\n\n\n\n<p>Lors de votre visite de la Vall\u00e9e des Usines, plusieurs sites sont \u00e0 ne pas manquer pour comprendre l\u2019histoire industrielle de Thiers et appr\u00e9cier le cadre naturel exceptionnel de la vall\u00e9e.<\/p>\n\n\n\n<ul class=\"wp-block-list\">\n<li><strong>Le Moulin de l\u2019\u00c9ventail<\/strong> : Ce moulin est l\u2019un des plus embl\u00e9matiques de la vall\u00e9e. Il a \u00e9t\u00e9 en activit\u00e9 pendant plusieurs si\u00e8cles et est aujourd&rsquo;hui l\u2019un des rares moulins encore visitables. Une exposition \u00e0 l\u2019int\u00e9rieur retrace l\u2019histoire des meules utilis\u00e9es pour aiguiser les lames de couteaux.<\/li>\n\n\n\n<li><strong>La Vall\u00e9e des Rouets<\/strong> : Situ\u00e9e \u00e0 proximit\u00e9 de la Vall\u00e9e des Usines, cette zone est \u00e9galement connue pour ses rouets, d&rsquo;anciennes roues \u00e0 aubes qui permettaient d&rsquo;actionner les meules des ateliers. La promenade dans cette vall\u00e9e est particuli\u00e8rement agr\u00e9able, avec une succession de cascades et de bassins naturels.<\/li>\n\n\n\n<li><strong>Le Mus\u00e9e de la Coutellerie<\/strong> : Pour prolonger votre d\u00e9couverte de l\u2019histoire de Thiers, une visite au Mus\u00e9e de la Coutellerie s&rsquo;impose. Ce mus\u00e9e propose des expositions permanentes et temporaires sur l\u2019art de la coutellerie, et permet d\u2019observer des artisans au travail. Vous pouvez m\u00eame acheter des couteaux fabriqu\u00e9s localement dans la boutique du mus\u00e9e.<\/li>\n\n\n\n<li><strong>Ateliers d&rsquo;artisans<\/strong> : La ville de Thiers abrite encore aujourd&rsquo;hui de nombreux artisans qui perp\u00e9tuent la tradition de la coutellerie. En vous promenant dans le centre historique, vous trouverez plusieurs ateliers ouverts au public, o\u00f9 vous pourrez d\u00e9couvrir le travail de ces artisans passionn\u00e9s et acheter des couteaux faits main.<\/li>\n<\/ul>\n\n\n\n<h3 class=\"wp-block-heading\"><strong>4. S\u00e9journer dans un ancien moulin : une exp\u00e9rience unique \u00e0 Thiers<\/strong><\/h3>\n\n\n\n<p>Pour rendre votre visite de la Vall\u00e9e des Usines encore plus m\u00e9morable, pourquoi ne pas s\u00e9journer dans un h\u00e9bergement en lien direct avec l\u2019histoire industrielle de la r\u00e9gion ? <strong>Le <a href=\"https:\/\/lamaisondefrancois.fr\/le-moulin-de-thiers\/\">Moulin de Thiers<\/a><\/strong>, un loft am\u00e9nag\u00e9 dans un ancien moulin \u00e0 eau, vous offre l\u2019opportunit\u00e9 de vivre une exp\u00e9rience immersive dans un cadre \u00e0 la fois historique et moderne.<\/p>\n\n\n\n<p>Le moulin a \u00e9t\u00e9 soigneusement r\u00e9nov\u00e9 pour offrir tout le confort moderne, tout en conservant des \u00e9l\u00e9ments architecturaux d\u2019\u00e9poque comme les poutres en bois et les grandes baies vitr\u00e9es qui donnent sur la rivi\u00e8re. Le bruit apaisant de l\u2019eau et la vue sur la nature environnante en font un lieu de d\u00e9tente id\u00e9al apr\u00e8s une journ\u00e9e de visite dans la vall\u00e9e.<\/p>\n\n\n\n<p>Le <strong>Moulin de Thiers<\/strong> est parfait pour un s\u00e9jour en couple ou pour les amateurs d\u2019histoire qui souhaitent plonger dans l\u2019atmosph\u00e8re unique de la Vall\u00e9e des Usines. De plus, gr\u00e2ce \u00e0 sa localisation centrale, vous pouvez facilement explorer les autres sites de la r\u00e9gion.<\/p>\n\n\n\n<p><\/p>\n\n\n<style>.kb-image2042_162e7e-84 .kb-image-has-overlay:after{opacity:0.3;border-top-left-radius:20px;border-top-right-radius:20px;border-bottom-right-radius:20px;border-bottom-left-radius:20px;}.kb-image2042_162e7e-84 img.kb-img, .kb-image2042_162e7e-84 .kb-img img{border-top-left-radius:20px;border-top-right-radius:20px;border-bottom-right-radius:20px;border-bottom-left-radius:20px;}<\/style>\n<div class=\"wp-block-kadence-image kb-image2042_162e7e-84\"><figure class=\"aligncenter size-large\"><img loading=\"lazy\" decoding=\"async\" width=\"1024\" height=\"735\" src=\"https:\/\/lamaisondefrancois.fr\/wp-content\/uploads\/2023\/01\/Le-Moulin-de-thiers019-1024x735.webp\" alt=\"Le Moulin de Thiers\" class=\"kb-img wp-image-1327\" srcset=\"https:\/\/lamaisondefrancois.fr\/wp-content\/uploads\/2023\/01\/Le-Moulin-de-thiers019-1024x735.webp 1024w, https:\/\/lamaisondefrancois.fr\/wp-content\/uploads\/2023\/01\/Le-Moulin-de-thiers019-300x215.webp 300w, https:\/\/lamaisondefrancois.fr\/wp-content\/uploads\/2023\/01\/Le-Moulin-de-thiers019-768x551.webp 768w, https:\/\/lamaisondefrancois.fr\/wp-content\/uploads\/2023\/01\/Le-Moulin-de-thiers019.webp 1382w\" sizes=\"auto, (max-width: 1024px) 100vw, 1024px\" \/><figcaption><em>Rue des usines et son moulin<\/em><\/figcaption><\/figure><\/div>\n\n\n\n<h3 class=\"wp-block-heading\"><strong>5. Comment acc\u00e9der \u00e0 la Vall\u00e9e des Usines ?<\/strong><\/h3>\n\n\n\n<p>La Vall\u00e9e des Usines se trouve \u00e0 proximit\u00e9 du centre-ville de Thiers, \u00e0 environ 40 minutes de Clermont-Ferrand en voiture. Pour les amateurs de randonn\u00e9e, il est possible de partir directement de Thiers et de suivre les sentiers balis\u00e9s qui traversent la vall\u00e9e. Les sentiers offrent plusieurs points de vue panoramiques sur la rivi\u00e8re et les anciennes usines.<\/p>\n\n\n\n<p>Il est conseill\u00e9 de pr\u00e9voir une demi-journ\u00e9e \u00e0 une journ\u00e9e enti\u00e8re pour bien explorer la vall\u00e9e et ses environs. Le <strong>Mus\u00e9e de la Coutellerie<\/strong> est \u00e9galement facilement accessible \u00e0 pied depuis le centre-ville de Thiers, et constitue une excellente \u00e9tape pour compl\u00e9ter votre visite.<\/p>\n\n\n\n<h3 class=\"wp-block-heading\"><strong>6. Pourquoi visiter la Vall\u00e9e des Usines \u00e0 Thiers ?<\/strong><\/h3>\n\n\n\n<p>Visiter la Vall\u00e9e des Usines, c\u2019est non seulement d\u00e9couvrir un pan important de l\u2019histoire industrielle de la France, mais aussi se plonger dans un cadre naturel exceptionnel. Que vous soyez passionn\u00e9 d\u2019histoire, amateur de randonn\u00e9es ou simple curieux, la Vall\u00e9e des Usines offre une exp\u00e9rience riche et unique. Vous pourrez y d\u00e9couvrir des si\u00e8cles d\u2019innovation artisanale, tout en profitant de la beaut\u00e9 sauvage de la vall\u00e9e et de ses environs.<\/p>\n\n\n\n<p>En s\u00e9journant dans un lieu aussi embl\u00e9matique que <strong>Le Moulin de Thiers<\/strong>, vous vivrez une immersion totale dans cette histoire, tout en b\u00e9n\u00e9ficiant du confort moderne. Une visite de la Vall\u00e9e des Usines \u00e0 Thiers, c\u2019est une escapade qui marie \u00e0 merveille histoire, culture et nature.<\/p>\n\n\n\n<p><\/p>\n\n\n\n<p><\/p>\n\n\n\n<p>En savoir plus: <\/p>\n\n\n\n<p><a href=\"https:\/\/www.eauvergnat.fr\/la-durolle-dans-la-vallee-des-usines\" target=\"_blank\" rel=\"noopener\">https:\/\/www.eauvergnat.fr\/la-durolle-dans-la-vallee-des-usines<\/a><\/p>\n\n\n\n<p><\/p>\n","protected":false},"excerpt":{"rendered":"<p>Visiter la Vall\u00e9e des Usines \u00e0 Thiers : entre histoire et nature La Vall\u00e9e des Usines, situ\u00e9e \u00e0 Thiers, est un site historique qui t\u00e9moigne du riche pass\u00e9 industriel de la ville. Thiers, souvent appel\u00e9e la capitale mondiale de la coutellerie, a forg\u00e9 sa r\u00e9putation \u00e0 travers les si\u00e8cles gr\u00e2ce \u00e0 ses ateliers de coutellerie&#8230;<\/p>","protected":false},"author":1,"featured_media":0,"comment_status":"open","ping_status":"open","sticky":false,"template":"","format":"standard","meta":{"_kadence_starter_templates_imported_post":false,"_kad_post_transparent":"","_kad_post_title":"","_kad_post_layout":"","_kad_post_sidebar_id":"","_kad_post_content_style":"","_kad_post_vertical_padding":"","_kad_post_feature":"","_kad_post_feature_position":"","_kad_post_header":false,"_kad_post_footer":false,"_kad_post_classname":"","footnotes":""},"categories":[1],"tags":[],"class_list":["post-2042","post","type-post","status-publish","format-standard","hentry","category-uncategorized"],"_links":{"self":[{"href":"https:\/\/lamaisondefrancois.fr\/en\/wp-json\/wp\/v2\/posts\/2042","targetHints":{"allow":["GET"]}}],"collection":[{"href":"https:\/\/lamaisondefrancois.fr\/en\/wp-json\/wp\/v2\/posts"}],"about":[{"href":"https:\/\/lamaisondefrancois.fr\/en\/wp-json\/wp\/v2\/types\/post"}],"author":[{"embeddable":true,"href":"https:\/\/lamaisondefrancois.fr\/en\/wp-json\/wp\/v2\/users\/1"}],"replies":[{"embeddable":true,"href":"https:\/\/lamaisondefrancois.fr\/en\/wp-json\/wp\/v2\/comments?post=2042"}],"version-history":[{"count":10,"href":"https:\/\/lamaisondefrancois.fr\/en\/wp-json\/wp\/v2\/posts\/2042\/revisions"}],"predecessor-version":[{"id":2149,"href":"https:\/\/lamaisondefrancois.fr\/en\/wp-json\/wp\/v2\/posts\/2042\/revisions\/2149"}],"wp:attachment":[{"href":"https:\/\/lamaisondefrancois.fr\/en\/wp-json\/wp\/v2\/media?parent=2042"}],"wp:term":[{"taxonomy":"category","embeddable":true,"href":"https:\/\/lamaisondefrancois.fr\/en\/wp-json\/wp\/v2\/categories?post=2042"},{"taxonomy":"post_tag","embeddable":true,"href":"https:\/\/lamaisondefrancois.fr\/en\/wp-json\/wp\/v2\/tags?post=2042"}],"curies":[{"name":"wp","href":"https:\/\/api.w.org\/{rel}","templated":true}]}}