{"id":2052,"date":"2024-10-06T15:02:24","date_gmt":"2024-10-06T15:02:24","guid":{"rendered":"https:\/\/lamaisondefrancois.fr\/?p=2052"},"modified":"2024-10-06T16:21:22","modified_gmt":"2024-10-06T16:21:22","slug":"la-coutellerie-a-thiers","status":"publish","type":"post","link":"https:\/\/lamaisondefrancois.fr\/en\/la-coutellerie-a-thiers\/","title":{"rendered":"L&rsquo;histoire fascinante de la coutellerie \u00e0 Thiers"},"content":{"rendered":"<style>.wp-block-kadence-advancedheading.kt-adv-heading2052_06549d-a0, .wp-block-kadence-advancedheading.kt-adv-heading2052_06549d-a0[data-kb-block=\"kb-adv-heading2052_06549d-a0\"]{font-style:normal;}.wp-block-kadence-advancedheading.kt-adv-heading2052_06549d-a0 mark.kt-highlight, .wp-block-kadence-advancedheading.kt-adv-heading2052_06549d-a0[data-kb-block=\"kb-adv-heading2052_06549d-a0\"] mark.kt-highlight{font-style:normal;color:#f76a0c;-webkit-box-decoration-break:clone;box-decoration-break:clone;padding-top:0px;padding-right:0px;padding-bottom:0px;padding-left:0px;}.wp-block-kadence-advancedheading.kt-adv-heading2052_06549d-a0 img.kb-inline-image, .wp-block-kadence-advancedheading.kt-adv-heading2052_06549d-a0[data-kb-block=\"kb-adv-heading2052_06549d-a0\"] img.kb-inline-image{width:150px;vertical-align:baseline;}<\/style>\n<p class=\"kt-adv-heading2052_06549d-a0 wp-block-kadence-advancedheading\" data-kb-block=\"kb-adv-heading2052_06549d-a0\"><\/p>\n\n\n\n<h2 class=\"wp-block-heading\">L&rsquo;histoire fascinante de la coutellerie \u00e0 Thiers<\/h2>\n\n\n\n<p><\/p>\n\n\n<style>.wp-block-kadence-advancedheading.kt-adv-heading2052_2f0db0-97, .wp-block-kadence-advancedheading.kt-adv-heading2052_2f0db0-97[data-kb-block=\"kb-adv-heading2052_2f0db0-97\"]{font-style:normal;}.wp-block-kadence-advancedheading.kt-adv-heading2052_2f0db0-97 mark.kt-highlight, .wp-block-kadence-advancedheading.kt-adv-heading2052_2f0db0-97[data-kb-block=\"kb-adv-heading2052_2f0db0-97\"] mark.kt-highlight{font-style:normal;color:#f76a0c;-webkit-box-decoration-break:clone;box-decoration-break:clone;padding-top:0px;padding-right:0px;padding-bottom:0px;padding-left:0px;}.wp-block-kadence-advancedheading.kt-adv-heading2052_2f0db0-97 img.kb-inline-image, .wp-block-kadence-advancedheading.kt-adv-heading2052_2f0db0-97[data-kb-block=\"kb-adv-heading2052_2f0db0-97\"] img.kb-inline-image{width:150px;vertical-align:baseline;}<\/style>\n<h3 class=\"kt-adv-heading2052_2f0db0-97 wp-block-kadence-advancedheading\" data-kb-block=\"kb-adv-heading2052_2f0db0-97\"><strong>Introduction : Une tradition forg\u00e9e dans l&rsquo;acier et le savoir-faire<\/strong><\/h3>\n\n\n\n<p><\/p>\n\n\n\n<p>Situ\u00e9e au c\u0153ur de la r\u00e9gion Auvergne-Rh\u00f4ne-Alpes, la ville de Thiers est consid\u00e9r\u00e9e comme la capitale mondiale de la coutellerie. Depuis pr\u00e8s de 800 ans, cette petite commune perch\u00e9e au-dessus de la Vall\u00e9e de la Durolle s&rsquo;est impos\u00e9e comme un centre incontournable de production de couteaux. La coutellerie thiernoise est bien plus qu&rsquo;une simple industrie ; elle est l&rsquo;incarnation d&rsquo;une tradition artisanale, transmise de g\u00e9n\u00e9ration en g\u00e9n\u00e9ration, qui a su \u00e9voluer avec le temps tout en pr\u00e9servant ses racines. Dans cet article, nous explorerons l&rsquo;\u00e9volution de la coutellerie \u00e0 Thiers, depuis ses d\u00e9buts jusqu&rsquo;\u00e0 nos jours, en \u00e9clairant les \u00e9tapes cl\u00e9s qui ont fait de cette ville le centre de la coutellerie fran\u00e7aise.<\/p>\n\n\n\n<p><\/p>\n\n\n\n<p><strong>Les origines m\u00e9di\u00e9vales de la coutellerie thiernoise<\/strong><\/p>\n\n\n\n<p><\/p>\n\n\n\n<p>L&rsquo;histoire de la coutellerie \u00e0 Thiers remonte au XIII\u00e8me si\u00e8cle. La ville, alors situ\u00e9e strat\u00e9giquement sur la route reliant Lyon \u00e0 Clermont-Ferrand, b\u00e9n\u00e9ficiait d&rsquo;un acc\u00e8s facile aux ressources n\u00e9cessaires \u00e0 la fabrication des couteaux : le fer extrait des mines auvergnates, l&rsquo;eau de la rivi\u00e8re Durolle pour alimenter les moulins, et le bois des for\u00eats environnantes pour chauffer les forges. Ces \u00e9l\u00e9ments ont \u00e9t\u00e9 cruciaux pour permettre aux artisans de produire des lames robustes et pr\u00e9cises.<\/p>\n\n\n\n<p>D\u00e8s cette \u00e9poque, les habitants de Thiers se sont sp\u00e9cialis\u00e9s dans la fabrication de couteaux, et la coutellerie est devenue une activit\u00e9 \u00e9conomique dominante. Les premiers ateliers \u00e9taient souvent de simples installations en bois, appel\u00e9es \u00ab rouets \u00bb, situ\u00e9es le long de la Durolle. Les artisans utilisaient la force de l&rsquo;eau pour faire tourner les meules, ce qui permettait d&rsquo;aff\u00fbter les lames avec une pr\u00e9cision accrue. Cette technique fut une innovation majeure qui permit \u00e0 Thiers de se distinguer des autres r\u00e9gions productrices de couteaux en Europe.<\/p>\n\n\n\n<p><\/p>\n\n\n\n<p><strong>Le d\u00e9veloppement de la production et l&rsquo;organisation des m\u00e9tiers<\/strong><\/p>\n\n\n\n<p><\/p>\n\n\n\n<p>Le XVII\u00e8me si\u00e8cle marque un tournant d\u00e9cisif pour la coutellerie thiernoise. La corporation des couteliers de Thiers se structure et s&rsquo;organise, garantissant la qualit\u00e9 de la production et fixant les r\u00e8gles du m\u00e9tier. Les artisans se sp\u00e9cialisent davantage, chacun d\u00e9veloppant une comp\u00e9tence pr\u00e9cise au sein de la cha\u00eene de production : forgeage des lames, polissage, fabrication des manches, et montage final. Ce syst\u00e8me d&rsquo;organisation des m\u00e9tiers, appel\u00e9 \u00ab l&rsquo;\u00e9conomie de la pi\u00e8ce \u00bb, permettait une production plus efficace tout en assurant une qualit\u00e9 constante.<\/p>\n\n\n\n<p>Les artisans thiernois produisaient une grande vari\u00e9t\u00e9 de couteaux, allant des couteaux de poche (ou canifs) aux couteaux de cuisine, en passant par des outils sp\u00e9cialis\u00e9s pour les agriculteurs et les bouchers. La r\u00e9putation des couteaux de Thiers s&rsquo;\u00e9tendait d\u00e9j\u00e0 bien au-del\u00e0 des fronti\u00e8res r\u00e9gionales, et la ville devenait progressivement le centre n\u00e9vralgique de la coutellerie en France.<\/p>\n\n\n\n<p><\/p>\n\n\n\n<p><strong>L&rsquo;essor industriel et la modernisation au XIX\u00e8me si\u00e8cle<\/strong><\/p>\n\n\n\n<p><\/p>\n\n\n\n<p>Avec l&rsquo;arriv\u00e9e de la r\u00e9volution industrielle au XIX\u00e8me si\u00e8cle, la production couteli\u00e8re \u00e0 Thiers prend une toute autre dimension. La m\u00e9canisation des processus de fabrication permet d&rsquo;acc\u00e9l\u00e9rer la production et de r\u00e9pondre \u00e0 la demande croissante, tant en France qu&rsquo;\u00e0 l&rsquo;\u00e9tranger. Thiers devient alors le centre de la coutellerie fran\u00e7aise et se d\u00e9veloppe pour atteindre une production massive. Cependant, cette p\u00e9riode est aussi marqu\u00e9e par des tensions sociales : les ouvriers couteliers, souvent soumis \u00e0 des conditions de travail difficiles, se battent pour obtenir de meilleures r\u00e9mun\u00e9rations et des conditions de travail plus \u00e9quitables.<\/p>\n\n\n\n<p>La modernisation des ateliers couteliers se fait \u00e0 grande \u00e9chelle. De nouveaux mat\u00e9riaux sont introduits, comme l&rsquo;acier inoxydable, qui devient progressivement le standard pour les lames. De plus, les techniques de trempe et de polissage \u00e9voluent, permettant d&rsquo;obtenir des lames plus r\u00e9sistantes et \u00e9l\u00e9gantes. Cette p\u00e9riode de forte croissance est \u00e9galement marqu\u00e9e par l&rsquo;\u00e9mergence de grandes familles de couteliers qui marquent l&rsquo;histoire de la ville, telles que les Maisons Sabatier, Calmels et P\u00e9richet.<\/p>\n\n\n\n<p><\/p>\n\n\n\n<p><strong>Le XX\u00e8me si\u00e8cle : d\u00e9fis et adaptation<\/strong><\/p>\n\n\n\n<p><\/p>\n\n\n\n<p>Le XX\u00e8me si\u00e8cle est une p\u00e9riode de bouleversements pour la coutellerie thiernoise. La mondialisation et la concurrence internationale, notamment des pays asiatiques, mettent la production locale sous pression. Les entreprises de Thiers doivent faire face \u00e0 des co\u00fbts de production \u00e9lev\u00e9s compar\u00e9s \u00e0 ceux des pays o\u00f9 la main-d&rsquo;\u0153uvre est moins ch\u00e8re. De nombreuses petites entreprises sont contraintes de fermer leurs portes, et la production couteli\u00e8re thiernoise subit un ralentissement important.<\/p>\n\n\n\n<p>Cependant, la r\u00e9silience des couteliers thiernois leur permet de surmonter ces d\u00e9fis. L&rsquo;accent est mis sur la qualit\u00e9 et l&rsquo;innovation pour se distinguer des produits import\u00e9s. Les couteliers de Thiers se concentrent de plus en plus sur le haut de gamme, en mettant en avant le savoir-faire artisanal et en adoptant des techniques de production modernes pour cr\u00e9er des couteaux d&rsquo;exception. Le label \u00ab Le Thiers \u00bb, cr\u00e9\u00e9 en 1994, symbolise cette volont\u00e9 de perp\u00e9tuer la tradition tout en innovant. Ce label garantit la qualit\u00e9 des couteaux produits \u00e0 Thiers et valorise la fabrication locale.<\/p>\n\n\n\n<p><\/p>\n\n\n\n<p><strong>La coutellerie aujourd&rsquo;hui : entre tradition et innovation<\/strong><\/p>\n\n\n\n<p><\/p>\n\n\n\n<p>Aujourd&rsquo;hui, Thiers reste un acteur incontournable de la coutellerie, repr\u00e9sentant pr\u00e8s de 70 % de la production de couteaux en France. La ville a su allier tradition et innovation pour maintenir sa position sur le march\u00e9 mondial. Le savoir-faire artisanal est toujours au c\u0153ur de la production, mais les techniques modernes, telles que la conception assist\u00e9e par ordinateur (CAO) et les machines de pr\u00e9cision, permettent de produire des lames d&rsquo;une qualit\u00e9 et d&rsquo;une pr\u00e9cision in\u00e9gal\u00e9es.<\/p>\n\n\n\n<p>Les couteliers thiernois ont \u00e9galement mis\u00e9 sur la diversit\u00e9 et l&rsquo;adaptabilit\u00e9. Outre les couteaux de cuisine et de poche, ils produisent des couteaux pour des usages sp\u00e9cifiques, comme la coutellerie de luxe ou la coutellerie sportive. Cette diversification a permis \u00e0 Thiers de maintenir un \u00e9quilibre face aux pressions du march\u00e9 global.<\/p>\n\n\n\n<p>Par ailleurs, la ville de Thiers a su valoriser son patrimoine coutelier en cr\u00e9ant des espaces d\u00e9di\u00e9s \u00e0 l&rsquo;histoire et \u00e0 la transmission de ce savoir-faire unique. Le mus\u00e9e de la coutellerie, situ\u00e9 dans le centre historique de la ville, propose une plong\u00e9e dans l&rsquo;histoire de cet art, pr\u00e9sentant des outils anciens, des pi\u00e8ces de collection et des expositions interactives. De plus, la F\u00eate de la Coutellerie, organis\u00e9e chaque ann\u00e9e, attire des visiteurs du monde entier et permet aux artisans de partager leur passion et de d\u00e9montrer leur savoir-faire.<\/p>\n\n\n\n<p><\/p>\n\n\n\n<p><strong>Les artisans d&rsquo;aujourd&rsquo;hui : gardiens d&rsquo;un savoir-faire unique<\/strong><\/p>\n\n\n\n<p><\/p>\n\n\n\n<p>De nos jours, les couteliers thiernois sont de v\u00e9ritables artistes qui perp\u00e9tuent des traditions ancestrales tout en innovant constamment. Les couteaux fabriqu\u00e9s \u00e0 Thiers sont aujourd&rsquo;hui reconnus pour leur qualit\u00e9 exceptionnelle, leur \u00e9l\u00e9gance et leur durabilit\u00e9. Le label \u00ab Origine France Garantie \u00bb et le savoir-faire labellis\u00e9 par les Entreprises du Patrimoine Vivant (EPV) sont des marques qui permettent de garantir l&rsquo;excellence de la production thiernoise.<\/p>\n\n\n\n<p>Les artisans se consacrent \u00e9galement \u00e0 la formation des jeunes, garantissant la transmission du savoir-faire coutelier \u00e0 travers les g\u00e9n\u00e9rations. Le lyc\u00e9e professionnel Jean Zay de Thiers, sp\u00e9cialis\u00e9 dans la formation aux m\u00e9tiers de la coutellerie, joue un r\u00f4le crucial dans la pr\u00e9servation de cet h\u00e9ritage unique.<\/p>\n\n\n\n<p><\/p>\n\n\n\n<p><strong>S\u00e9journer au Moulin de Thiers : une exp\u00e9rience unique pour les passionn\u00e9s de coutellerie<\/strong><\/p>\n\n\n\n<p><\/p>\n\n\n\n<p>Pour les passionn\u00e9s de coutellerie et d&rsquo;histoire artisanale, s\u00e9journer \u00e0 Thiers est une v\u00e9ritable immersion dans un monde de savoir-faire et de tradition. Pour une exp\u00e9rience authentique, pourquoi ne pas s\u00e9journer au Moulin de Thiers, un loft charmant am\u00e9nag\u00e9 dans un ancien moulin \u00e0 eau ? Ce lieu unique, situ\u00e9 \u00e0 proximit\u00e9 du centre historique de Thiers, offre un cadre paisible et authentique, id\u00e9al pour d\u00e9couvrir la ville et ses ateliers de coutellerie. Le Moulin de Thiers vous permet de vivre au rythme de l&rsquo;histoire locale, dans un cadre confortable et charg\u00e9 de caract\u00e8re. Profitez de votre s\u00e9jour pour visiter le mus\u00e9e de la coutellerie et participer aux \u00e9v\u00e9nements d\u00e9di\u00e9s \u00e0 cet art qui fait la renomm\u00e9e de la ville.<\/p>\n\n\n\n<p><\/p>\n\n\n\n<p><strong>Conclusion : La coutellerie thiernoise, un symbole de r\u00e9silience et d&rsquo;excellence<\/strong><\/p>\n\n\n\n<p><\/p>\n\n\n\n<p>L&rsquo;histoire de la coutellerie \u00e0 Thiers est celle d&rsquo;une tradition artisanale qui a su traverser les si\u00e8cles et s&rsquo;adapter aux bouleversements \u00e9conomiques et technologiques. De ses humbles d\u00e9buts le long des rives de la Durolle \u00e0 son statut actuel de capitale mondiale de la coutellerie, Thiers est un exemple de r\u00e9silience et d&rsquo;excellence. La ville continue d&rsquo;attirer les passionn\u00e9s de couteaux du monde entier, fascin\u00e9s par la qualit\u00e9 du travail des artisans thiernois et l&rsquo;histoire riche de cette industrie embl\u00e9matique.<\/p>\n\n\n\n<p>Plus qu&rsquo;un simple objet utilitaire, le couteau thiernois est le reflet d&rsquo;un savoir-faire ancestral, d&rsquo;une passion pour le travail bien fait, et d&rsquo;une volont\u00e9 constante d&rsquo;innover tout en respectant la tradition. C&rsquo;est cette alchimie entre histoire et modernit\u00e9 qui fait de Thiers une v\u00e9ritable capitale de la coutellerie, reconnue et admir\u00e9e dans le monde entier.<\/p>\n\n\n\n<h3 class=\"wp-block-heading\">Mots-cl\u00e9s optimis\u00e9s<\/h3>\n\n\n\n<ul class=\"wp-block-list\">\n<li>Histoire de la coutellerie \u00e0 Thiers<\/li>\n\n\n\n<li>Coutellerie artisanale Thiers<\/li>\n\n\n\n<li>Fabrication de couteaux en Auvergne<\/li>\n\n\n\n<li>Patrimoine coutelier de Thiers<\/li>\n\n\n\n<li>Mus\u00e9e de la coutellerie Thiers<\/li>\n\n\n\n<li>Couteaux de qualit\u00e9 fabriqu\u00e9s en France<\/li>\n\n\n\n<li>S\u00e9jour coutellerie Thiers<\/li>\n\n\n\n<li>H\u00e9bergement Moulin de Thiers<\/li>\n<\/ul>\n\n\n\n<h3 class=\"wp-block-heading\">Balises et titres SEO optimis\u00e9s<\/h3>\n\n\n\n<ul class=\"wp-block-list\">\n<li><strong>Titre principal (H1)<\/strong> : \u00ab\u00a0L&rsquo;histoire fascinante de la coutellerie \u00e0 Thiers : Tradition et Innovation\u00a0\u00bb<\/li>\n\n\n\n<li><strong>M\u00e9ta-titre<\/strong> : \u00ab\u00a0L&rsquo;Histoire de la Coutellerie \u00e0 Thiers &#8211; Patrimoine et Savoir-Faire\u00a0\u00bb<\/li>\n\n\n\n<li><strong>M\u00e9ta-description<\/strong> : \u00ab\u00a0D\u00e9couvrez l&rsquo;histoire captivante de la coutellerie \u00e0 Thiers, capitale mondiale de la coutellerie. Entre tradition artisanale et innovation, plongez dans 800 ans de savoir-faire exceptionnel.\u00a0\u00bb<\/li>\n\n\n\n<li><strong>Balises H2<\/strong> :<\/li>\n\n\n\n<li>\u00ab\u00a0Les origines m\u00e9di\u00e9vales de la coutellerie thiernoise\u00a0\u00bb<\/li>\n\n\n\n<li>\u00ab\u00a0Le d\u00e9veloppement de la production et l&rsquo;organisation des m\u00e9tiers\u00a0\u00bb<\/li>\n\n\n\n<li>\u00ab\u00a0L&rsquo;essor industriel et la modernisation au XIX\u00e8me si\u00e8cle\u00a0\u00bb<\/li>\n\n\n\n<li>\u00ab\u00a0Le XX\u00e8me si\u00e8cle : d\u00e9fis et adaptation\u00a0\u00bb<\/li>\n\n\n\n<li>\u00ab\u00a0La coutellerie aujourd&rsquo;hui : entre tradition et innovation\u00a0\u00bb<\/li>\n\n\n\n<li>\u00ab\u00a0Les artisans d&rsquo;aujourd&rsquo;hui : gardiens d&rsquo;un savoir-faire unique\u00a0\u00bb<\/li>\n\n\n\n<li>\u00ab\u00a0S\u00e9journer au Moulin de Thiers : une exp\u00e9rience unique pour les passionn\u00e9s de coutellerie\u00a0\u00bb<\/li>\n<\/ul>\n\n\n\n<h3 class=\"wp-block-heading\">Balises Alt pour les images (suggestions)<\/h3>\n\n\n\n<ul class=\"wp-block-list\">\n<li>\u00ab\u00a0Atelier coutelier traditionnel \u00e0 Thiers\u00a0\u00bb<\/li>\n\n\n\n<li>\u00ab\u00a0Couteaux artisanaux fabriqu\u00e9s \u00e0 Thiers\u00a0\u00bb<\/li>\n\n\n\n<li>\u00ab\u00a0Rivi\u00e8re Durolle \u00e0 Thiers\u00a0\u00bb<\/li>\n\n\n\n<li>\u00ab\u00a0Mus\u00e9e de la coutellerie de Thiers\u00a0\u00bb<\/li>\n\n\n\n<li>\u00ab\u00a0Int\u00e9rieur du Moulin de Thiers &#8211; H\u00e9bergement authentique\u00a0\u00bb<\/li>\n<\/ul>\n\n\n\n<h3 class=\"wp-block-heading\">Liens internes<\/h3>\n\n\n\n<ul class=\"wp-block-list\">\n<li>Relier cet article \u00e0 une page d\u00e9di\u00e9e aux h\u00e9bergements disponibles sur le site lamaisondefrancois.fr, notamment au <strong>Moulin de Thiers<\/strong>, pour attirer les visiteurs int\u00e9ress\u00e9s par la coutellerie.<\/li>\n\n\n\n<li>Ajouter un lien vers un article sur les attractions touristiques de Thiers pour encourager les s\u00e9jours prolong\u00e9s.<\/li>\n<\/ul>\n\n\n\n<p><\/p>\n","protected":false},"excerpt":{"rendered":"<p>L&rsquo;histoire fascinante de la coutellerie \u00e0 Thiers Introduction : Une tradition forg\u00e9e dans l&rsquo;acier et le savoir-faire Situ\u00e9e au c\u0153ur de la r\u00e9gion Auvergne-Rh\u00f4ne-Alpes, la ville de Thiers est consid\u00e9r\u00e9e comme la capitale mondiale de la coutellerie. Depuis pr\u00e8s de 800 ans, cette petite commune perch\u00e9e au-dessus de la Vall\u00e9e de la Durolle s&rsquo;est impos\u00e9e&#8230;<\/p>","protected":false},"author":1,"featured_media":0,"comment_status":"open","ping_status":"open","sticky":false,"template":"","format":"standard","meta":{"_kadence_starter_templates_imported_post":false,"_kad_post_transparent":"","_kad_post_title":"","_kad_post_layout":"","_kad_post_sidebar_id":"","_kad_post_content_style":"","_kad_post_vertical_padding":"","_kad_post_feature":"","_kad_post_feature_position":"","_kad_post_header":false,"_kad_post_footer":false,"_kad_post_classname":"","footnotes":""},"categories":[1],"tags":[],"class_list":["post-2052","post","type-post","status-publish","format-standard","hentry","category-uncategorized"],"_links":{"self":[{"href":"https:\/\/lamaisondefrancois.fr\/en\/wp-json\/wp\/v2\/posts\/2052","targetHints":{"allow":["GET"]}}],"collection":[{"href":"https:\/\/lamaisondefrancois.fr\/en\/wp-json\/wp\/v2\/posts"}],"about":[{"href":"https:\/\/lamaisondefrancois.fr\/en\/wp-json\/wp\/v2\/types\/post"}],"author":[{"embeddable":true,"href":"https:\/\/lamaisondefrancois.fr\/en\/wp-json\/wp\/v2\/users\/1"}],"replies":[{"embeddable":true,"href":"https:\/\/lamaisondefrancois.fr\/en\/wp-json\/wp\/v2\/comments?post=2052"}],"version-history":[{"count":2,"href":"https:\/\/lamaisondefrancois.fr\/en\/wp-json\/wp\/v2\/posts\/2052\/revisions"}],"predecessor-version":[{"id":2055,"href":"https:\/\/lamaisondefrancois.fr\/en\/wp-json\/wp\/v2\/posts\/2052\/revisions\/2055"}],"wp:attachment":[{"href":"https:\/\/lamaisondefrancois.fr\/en\/wp-json\/wp\/v2\/media?parent=2052"}],"wp:term":[{"taxonomy":"category","embeddable":true,"href":"https:\/\/lamaisondefrancois.fr\/en\/wp-json\/wp\/v2\/categories?post=2052"},{"taxonomy":"post_tag","embeddable":true,"href":"https:\/\/lamaisondefrancois.fr\/en\/wp-json\/wp\/v2\/tags?post=2052"}],"curies":[{"name":"wp","href":"https:\/\/api.w.org\/{rel}","templated":true}]}}