{"id":2161,"date":"2025-11-10T14:05:50","date_gmt":"2025-11-10T14:05:50","guid":{"rendered":"https:\/\/lamaisondefrancois.fr\/?p=2161"},"modified":"2025-11-10T14:05:52","modified_gmt":"2025-11-10T14:05:52","slug":"week-end-vichy","status":"publish","type":"post","link":"https:\/\/lamaisondefrancois.fr\/en\/week-end-vichy\/","title":{"rendered":"Vichy en 24 heures : le guide ultime pour un week-end Vichy inoubliable"},"content":{"rendered":"<p>Envie d\u2019un s\u00e9jour d\u00e9paysant, accessible et ressour\u00e7ant ? Un <strong>week-end Vichy<\/strong> est la solution parfaite. Entre architecture \u00e9l\u00e9gante, nature omnipr\u00e9sente, culture thermale et gastronomie locale, la ville offre une exp\u00e9rience compl\u00e8te qui s\u00e9duira autant les curistes que les voyageurs en qu\u00eate d\u2019\u00e9vasion. Gr\u00e2ce \u00e0 son centre compact et semi-pi\u00e9ton, Vichy se d\u00e9couvre facilement \u00e0 pied en 24 heures, tout en laissant la place \u00e0 la d\u00e9tente et aux moments privil\u00e9gi\u00e9s. Ce guide complet vous accompagne pour profiter pleinement de votre passage.<\/p>\n\n\n\n<h2 class=\"wp-block-heading\">Pourquoi choisir Vichy pour un week-end ?<\/h2>\n\n\n\n<p>Vichy est une destination \u00e0 taille humaine, r\u00e9put\u00e9e pour sa douceur de vivre. Id\u00e9ale pour un <strong>week-end Vichy<\/strong>, elle regroupe :<\/p>\n\n\n\n<ul class=\"wp-block-list\">\n<li>des parcs majestueux h\u00e9rit\u00e9s du Second Empire,<\/li>\n\n\n\n<li>des parcours de promenade le long de l\u2019Allier,<\/li>\n\n\n\n<li>un patrimoine architectural unique,<\/li>\n\n\n\n<li>des boutiques, caf\u00e9s et restaurants chaleureux,<\/li>\n\n\n\n<li>une tradition thermale reconnue internationalement.<\/li>\n<\/ul>\n\n\n\n<p>Contrairement aux grandes villes, Vichy permet de ralentir, de profiter, et de vivre un s\u00e9jour o\u00f9 tout est \u00e0 proximit\u00e9. L\u2019absence de stress li\u00e9 aux transports est l\u2019un de ses grands atouts.<\/p>\n\n\n\n<p><\/p>\n\n\n<style>.kb-image2161_5a7ec3-cd .kb-image-has-overlay:after{opacity:0.3;border-top-left-radius:20px;border-top-right-radius:20px;border-bottom-right-radius:20px;border-bottom-left-radius:20px;}.kb-image2161_5a7ec3-cd img.kb-img, .kb-image2161_5a7ec3-cd .kb-img img{border-top-left-radius:20px;border-top-right-radius:20px;border-bottom-right-radius:20px;border-bottom-left-radius:20px;}<\/style>\n<div class=\"wp-block-kadence-image kb-image2161_5a7ec3-cd\"><figure class=\"aligncenter size-large\"><img loading=\"lazy\" decoding=\"async\" width=\"1024\" height=\"683\" src=\"https:\/\/lamaisondefrancois.fr\/wp-content\/uploads\/2025\/11\/vichy-parcs2-1024x683.webp\" alt=\"week-end Vichy d\u00e9tente\" class=\"kb-img wp-image-2162\" srcset=\"https:\/\/lamaisondefrancois.fr\/wp-content\/uploads\/2025\/11\/vichy-parcs2-1024x683.webp 1024w, https:\/\/lamaisondefrancois.fr\/wp-content\/uploads\/2025\/11\/vichy-parcs2-300x200.webp 300w, https:\/\/lamaisondefrancois.fr\/wp-content\/uploads\/2025\/11\/vichy-parcs2-768x512.webp 768w, https:\/\/lamaisondefrancois.fr\/wp-content\/uploads\/2025\/11\/vichy-parcs2-18x12.webp 18w, https:\/\/lamaisondefrancois.fr\/wp-content\/uploads\/2025\/11\/vichy-parcs2.webp 1200w\" sizes=\"auto, (max-width: 1024px) 100vw, 1024px\" \/><figcaption><em>week-end Vichy d\u00e9tente<\/em><\/figcaption><\/figure><\/div>\n\n\n\n<h2 class=\"wp-block-heading\">Matin : immersion au march\u00e9 couvert et d\u00e9couverte des berges<\/h2>\n\n\n\n<p>Commencez votre <strong>week-end Vichy<\/strong> par une balade matinale le long des berges de l\u2019Allier. L\u2019ambiance est douce, le paysage paisible, et les couleurs du matin subliment les reflets du lac. C\u2019est le moment id\u00e9al pour s\u2019impr\u00e9gner de la ville.<\/p>\n\n\n\n<p>Poursuivez ensuite vers le <strong>March\u00e9 couvert de Vichy<\/strong>, l\u2019un des lieux embl\u00e9matiques de la cit\u00e9 thermale. Ouvert tous les jours sauf le lundi, il rassemble producteurs, artisans, fromagers, charcutiers, p\u00e2tissiers et fleuristes. L\u2019atmosph\u00e8re y est conviviale, et vous pourrez y d\u00e9nicher des produits typiques comme le bleu d\u2019Auvergne, la fourme, les charcuteries artisanales ou encore les p\u00e2t\u00e9s locaux.<\/p>\n\n\n\n<p>L\u2019appartement <strong><a href=\"\/en\/espace-urbain\/\">Espace Urbain<\/a><\/strong>, situ\u00e9 \u00e0 seulement cinq minutes du centre-ville et des commerces, est l\u2019h\u00e9bergement parfait pour un d\u00e9part matinal au c\u0153ur de la ville. Enti\u00e8rement \u00e9quip\u00e9 (100 m\u00b2, tr\u00e8s calme, entr\u00e9e ind\u00e9pendante, d\u00e9coration moderne), il permet de revenir poser ses achats ou simplement se reposer avant de poursuivre la journ\u00e9e.<\/p>\n\n\n\n<p><\/p>\n\n\n<style>.kb-image2161_a51fc2-c4 .kb-image-has-overlay:after{opacity:0.3;border-top-left-radius:20px;border-top-right-radius:20px;border-bottom-right-radius:20px;border-bottom-left-radius:20px;}.kb-image2161_a51fc2-c4 img.kb-img, .kb-image2161_a51fc2-c4 .kb-img img{border-top-left-radius:20px;border-top-right-radius:20px;border-bottom-right-radius:20px;border-bottom-left-radius:20px;}<\/style>\n<div class=\"wp-block-kadence-image kb-image2161_a51fc2-c4\"><figure class=\"aligncenter size-large\"><img loading=\"lazy\" decoding=\"async\" width=\"1024\" height=\"538\" src=\"https:\/\/lamaisondefrancois.fr\/wp-content\/uploads\/2025\/11\/le-grand-marche-1024x538.webp\" alt=\"Le grand March\u00e9 Vichy\" class=\"kb-img wp-image-2163\" srcset=\"https:\/\/lamaisondefrancois.fr\/wp-content\/uploads\/2025\/11\/le-grand-marche-1024x538.webp 1024w, https:\/\/lamaisondefrancois.fr\/wp-content\/uploads\/2025\/11\/le-grand-marche-300x158.webp 300w, https:\/\/lamaisondefrancois.fr\/wp-content\/uploads\/2025\/11\/le-grand-marche-768x403.webp 768w, https:\/\/lamaisondefrancois.fr\/wp-content\/uploads\/2025\/11\/le-grand-marche-18x9.webp 18w, https:\/\/lamaisondefrancois.fr\/wp-content\/uploads\/2025\/11\/le-grand-marche.webp 1200w\" sizes=\"auto, (max-width: 1024px) 100vw, 1024px\" \/><figcaption><em>Le grand March\u00e9 Vichy<\/em><\/figcaption><\/figure><\/div>\n\n\n\n<h2 class=\"wp-block-heading\">Midi : pause gourmande au centre-ville<\/h2>\n\n\n\n<p>Pour le d\u00e9jeuner, Vichy offre une large vari\u00e9t\u00e9 d\u2019adresses. Restaurants traditionnels, bistrots modernes, terrasses conviviales et p\u00e2tisseries r\u00e9put\u00e9es rythment le c\u0153ur de ville. Un <strong>week-end Vichy<\/strong> est l\u2019occasion id\u00e9ale de go\u00fbter \u00e0 la cuisine auvergnate ou de s\u2019orienter vers une cuisine plus contemporaine.<\/p>\n\n\n\n<p>La ville est particuli\u00e8rement agr\u00e9able pour d\u00e9jeuner en terrasse, notamment autour de l\u2019Op\u00e9ra ou au bord de l&rsquo;Allier. Que vous soyez adepte des plats g\u00e9n\u00e9reux, des options v\u00e9g\u00e9tariennes ou des saveurs locales, vous trouverez toujours une <a href=\"https:\/\/www.allier-hotels-restaurants.com\/\" target=\"_blank\" rel=\"noopener\">bonne adresse<\/a> \u00e0 quelques minutes \u00e0 pied.<\/p>\n\n\n\n<p><\/p>\n\n\n<style>.kb-image2161_83b523-b2.kb-image-is-ratio-size, .kb-image2161_83b523-b2 .kb-image-is-ratio-size{max-width:561px;width:100%;}.wp-block-kadence-column > .kt-inside-inner-col > .kb-image2161_83b523-b2.kb-image-is-ratio-size, .wp-block-kadence-column > .kt-inside-inner-col > .kb-image2161_83b523-b2 .kb-image-is-ratio-size{align-self:unset;}.kb-image2161_83b523-b2 figure{max-width:561px;}.kb-image2161_83b523-b2 .image-is-svg, .kb-image2161_83b523-b2 .image-is-svg img{width:100%;}.kb-image2161_83b523-b2 .kb-image-has-overlay:after{opacity:0.3;border-top-left-radius:20px;border-top-right-radius:20px;border-bottom-right-radius:20px;border-bottom-left-radius:20px;}.kb-image2161_83b523-b2 img.kb-img, .kb-image2161_83b523-b2 .kb-img img{border-top-left-radius:20px;border-top-right-radius:20px;border-bottom-right-radius:20px;border-bottom-left-radius:20px;}<\/style>\n<div class=\"wp-block-kadence-image kb-image2161_83b523-b2\"><figure class=\"aligncenter size-full\"><img loading=\"lazy\" decoding=\"async\" width=\"556\" height=\"370\" src=\"https:\/\/lamaisondefrancois.fr\/wp-content\/uploads\/2025\/11\/mirage-vichy.jpg\" alt=\"Le mirage Vichy\" class=\"kb-img wp-image-2164\" srcset=\"https:\/\/lamaisondefrancois.fr\/wp-content\/uploads\/2025\/11\/mirage-vichy.jpg 556w, https:\/\/lamaisondefrancois.fr\/wp-content\/uploads\/2025\/11\/mirage-vichy-300x200.jpg 300w, https:\/\/lamaisondefrancois.fr\/wp-content\/uploads\/2025\/11\/mirage-vichy-18x12.jpg 18w\" sizes=\"auto, (max-width: 556px) 100vw, 556px\" \/><figcaption><em>Le mirage Vichy<\/em><\/figcaption><\/figure><\/div>\n\n\n\n<h2 class=\"wp-block-heading\">Apr\u00e8s-midi : patrimoine, bien-\u00eatre et promenades<\/h2>\n\n\n\n<p>Votre <strong>week-end Vichy<\/strong> ne serait pas complet sans une visite de ses lieux incontournables.<\/p>\n\n\n\n<h3 class=\"wp-block-heading\">L\u2019Op\u00e9ra de Vichy<\/h3>\n\n\n\n<p>L\u2019unique op\u00e9ra de style Art nouveau en France. Avec ses motifs floraux, son d\u00e9cor pastel et son ambiance raffin\u00e9e, il constitue un passage oblig\u00e9. M\u00eame une visite ext\u00e9rieure vaut le d\u00e9tour.<\/p>\n\n\n\n<h3 class=\"wp-block-heading\">Les parcs Napol\u00e9on III et Kennedy<\/h3>\n\n\n\n<p>Ces parcs, con\u00e7us au XIXe si\u00e8cle, offrent des kilom\u00e8tres d\u2019all\u00e9es ombrag\u00e9es, des arbres centenaires, un lac et des points de repos parfaits pour une pause. L\u2019endroit id\u00e9al pour savourer un moment au calme ou faire quelques photos souvenirs.<\/p>\n\n\n\n<h3 class=\"wp-block-heading\">Le Pavillon des Sources<\/h3>\n\n\n\n<p>Un lieu embl\u00e9matique o\u00f9 vous pourrez en apprendre davantage sur l\u2019histoire thermale de Vichy. Les eaux min\u00e9rales sont au c\u0153ur de l\u2019identit\u00e9 de la ville, et leur d\u00e9couverte ajoute une dimension culturelle au s\u00e9jour.<\/p>\n\n\n\n<h3 class=\"wp-block-heading\">Shopping et artisanat local<\/h3>\n\n\n\n<p>Pour une touche plus urbaine, fl\u00e2nez dans les rues commer\u00e7antes. Cr\u00e9ateurs locaux, boutiques artisanales, p\u00e2tisseries, concept stores\u2026 Vichy offre une belle diversit\u00e9 d\u2019enseignes ind\u00e9pendantes.<\/p>\n\n\n\n<p>Apr\u00e8s vos d\u00e9couvertes, l\u2019appartement <strong><a href=\"https:\/\/lamaisondefrancois.fr\/en\/espace-urbain\/\" data-type=\"page\" data-id=\"2060\">Espace Urbain<\/a><\/strong> vous accueille avec tout le confort n\u00e9cessaire : TV Ambilight 85 pouces, babyfoot, enceinte Bluetooth, salon spacieux, cuisine enti\u00e8rement \u00e9quip\u00e9e\u2026 Id\u00e9al pour se d\u00e9tendre avant la soir\u00e9e.<\/p>\n\n\n\n<p><\/p>\n\n\n<style>.kb-image2161_c5909d-19 .kb-image-has-overlay:after{opacity:0.3;border-top-left-radius:20px;border-top-right-radius:20px;border-bottom-right-radius:20px;border-bottom-left-radius:20px;}.kb-image2161_c5909d-19 img.kb-img, .kb-image2161_c5909d-19 .kb-img img{border-top-left-radius:20px;border-top-right-radius:20px;border-bottom-right-radius:20px;border-bottom-left-radius:20px;}<\/style>\n<div class=\"wp-block-kadence-image kb-image2161_c5909d-19\"><figure class=\"aligncenter size-large\"><img loading=\"lazy\" decoding=\"async\" width=\"1024\" height=\"682\" src=\"https:\/\/lamaisondefrancois.fr\/wp-content\/uploads\/2025\/11\/opera-vichy-1024x682.jpg\" alt=\"opera vichy\" class=\"kb-img wp-image-2165\" srcset=\"https:\/\/lamaisondefrancois.fr\/wp-content\/uploads\/2025\/11\/opera-vichy-1024x682.jpg 1024w, https:\/\/lamaisondefrancois.fr\/wp-content\/uploads\/2025\/11\/opera-vichy-300x200.jpg 300w, https:\/\/lamaisondefrancois.fr\/wp-content\/uploads\/2025\/11\/opera-vichy-768x512.jpg 768w, https:\/\/lamaisondefrancois.fr\/wp-content\/uploads\/2025\/11\/opera-vichy-18x12.jpg 18w, https:\/\/lamaisondefrancois.fr\/wp-content\/uploads\/2025\/11\/opera-vichy.jpg 1280w\" sizes=\"auto, (max-width: 1024px) 100vw, 1024px\" \/><figcaption><em>Opera de Vichy<\/em><\/figcaption><\/figure><\/div>\n\n\n\n<h2 class=\"wp-block-heading\">Soir\u00e9e : douceur et \u00e9l\u00e9gance vichyssoise<\/h2>\n\n\n\n<p>Pour terminer ce <strong>week-end Vichy<\/strong>, profitez d\u2019une soir\u00e9e au bord de l\u2019Allier ou dans l\u2019un des restaurants du centre. Les illuminations refl\u00e9t\u00e9es sur l\u2019eau cr\u00e9ent une ambiance apaisante et romantique. Le choix de restaurants et bars est vari\u00e9, de l\u2019ambiance cosy aux adresses gastronomiques.<\/p>\n\n\n\n<p>De retour dans votre appartement, vous appr\u00e9cierez le calme absolu, l\u2019insonorisation parfaite et la d\u00e9coration contemporaine pens\u00e9e pour un confort optimal.<\/p>\n\n\n\n<p><\/p>\n\n\n<style>.kb-image2161_3f6ff1-6e .kb-image-has-overlay:after{opacity:0.3;border-top-left-radius:20px;border-top-right-radius:20px;border-bottom-right-radius:20px;border-bottom-left-radius:20px;}.kb-image2161_3f6ff1-6e img.kb-img, .kb-image2161_3f6ff1-6e .kb-img img{border-top-left-radius:20px;border-top-right-radius:20px;border-bottom-right-radius:20px;border-bottom-left-radius:20px;}<\/style>\n<div class=\"wp-block-kadence-image kb-image2161_3f6ff1-6e\"><figure class=\"aligncenter size-large\"><img loading=\"lazy\" decoding=\"async\" width=\"1024\" height=\"686\" src=\"https:\/\/lamaisondefrancois.fr\/wp-content\/uploads\/2025\/11\/vichy-nuit-1024x686.jpg\" alt=\"Vichy de nuit\" class=\"kb-img wp-image-2166\" srcset=\"https:\/\/lamaisondefrancois.fr\/wp-content\/uploads\/2025\/11\/vichy-nuit-1024x686.jpg 1024w, https:\/\/lamaisondefrancois.fr\/wp-content\/uploads\/2025\/11\/vichy-nuit-300x201.jpg 300w, https:\/\/lamaisondefrancois.fr\/wp-content\/uploads\/2025\/11\/vichy-nuit-768x514.jpg 768w, https:\/\/lamaisondefrancois.fr\/wp-content\/uploads\/2025\/11\/vichy-nuit-18x12.jpg 18w, https:\/\/lamaisondefrancois.fr\/wp-content\/uploads\/2025\/11\/vichy-nuit.jpg 1075w\" sizes=\"auto, (max-width: 1024px) 100vw, 1024px\" \/><figcaption><em>Vichy de nuit<\/em><\/figcaption><\/figure><\/div>\n\n\n\n<h2 class=\"wp-block-heading\">Conclusion : un week-end Vichy \u00e0 vivre pleinement<\/h2>\n\n\n\n<p>Qu\u2019il s\u2019agisse de balades, de culture, de gastronomie ou de d\u00e9tente, un <strong>week-end Vichy<\/strong> offre une exp\u00e9rience riche et accessible. L\u2019emplacement strat\u00e9gique de l\u2019appartement <strong>Espace Urbain<\/strong>, \u00e0 deux pas du march\u00e9 couvert, du centre-ville et des commerces, vous permet d\u2019explorer la ville \u00e0 pied en toute libert\u00e9.<\/p>\n\n\n\n<p><strong>R\u00e9servez votre s\u00e9jour et d\u00e9couvrez Vichy comme un habitant, entre confort, modernit\u00e9 et authenticit\u00e9.<\/strong><\/p>\n\n\n\n<p><\/p>","protected":false},"excerpt":{"rendered":"<p>Envie d\u2019un s\u00e9jour d\u00e9paysant, accessible et ressour\u00e7ant ? Un week-end Vichy est la solution parfaite. Entre architecture \u00e9l\u00e9gante, nature omnipr\u00e9sente, culture thermale et gastronomie locale, la ville offre une exp\u00e9rience compl\u00e8te qui s\u00e9duira autant les curistes que les voyageurs en qu\u00eate d\u2019\u00e9vasion. Gr\u00e2ce \u00e0 son centre compact et semi-pi\u00e9ton, Vichy se d\u00e9couvre facilement \u00e0 pied&#8230;<\/p>","protected":false},"author":1,"featured_media":0,"comment_status":"closed","ping_status":"closed","sticky":false,"template":"","format":"standard","meta":{"_kadence_starter_templates_imported_post":false,"_kad_post_transparent":"","_kad_post_title":"","_kad_post_layout":"","_kad_post_sidebar_id":"","_kad_post_content_style":"","_kad_post_vertical_padding":"","_kad_post_feature":"","_kad_post_feature_position":"","_kad_post_header":false,"_kad_post_footer":false,"_kad_post_classname":"","footnotes":""},"categories":[3],"tags":[],"class_list":["post-2161","post","type-post","status-publish","format-standard","hentry","category-non-classe"],"_links":{"self":[{"href":"https:\/\/lamaisondefrancois.fr\/en\/wp-json\/wp\/v2\/posts\/2161","targetHints":{"allow":["GET"]}}],"collection":[{"href":"https:\/\/lamaisondefrancois.fr\/en\/wp-json\/wp\/v2\/posts"}],"about":[{"href":"https:\/\/lamaisondefrancois.fr\/en\/wp-json\/wp\/v2\/types\/post"}],"author":[{"embeddable":true,"href":"https:\/\/lamaisondefrancois.fr\/en\/wp-json\/wp\/v2\/users\/1"}],"replies":[{"embeddable":true,"href":"https:\/\/lamaisondefrancois.fr\/en\/wp-json\/wp\/v2\/comments?post=2161"}],"version-history":[{"count":1,"href":"https:\/\/lamaisondefrancois.fr\/en\/wp-json\/wp\/v2\/posts\/2161\/revisions"}],"predecessor-version":[{"id":2167,"href":"https:\/\/lamaisondefrancois.fr\/en\/wp-json\/wp\/v2\/posts\/2161\/revisions\/2167"}],"wp:attachment":[{"href":"https:\/\/lamaisondefrancois.fr\/en\/wp-json\/wp\/v2\/media?parent=2161"}],"wp:term":[{"taxonomy":"category","embeddable":true,"href":"https:\/\/lamaisondefrancois.fr\/en\/wp-json\/wp\/v2\/categories?post=2161"},{"taxonomy":"post_tag","embeddable":true,"href":"https:\/\/lamaisondefrancois.fr\/en\/wp-json\/wp\/v2\/tags?post=2161"}],"curies":[{"name":"wp","href":"https:\/\/api.w.org\/{rel}","templated":true}]}}